{"id":6042,"date":"2020-03-31T13:13:22","date_gmt":"2020-03-31T11:13:22","guid":{"rendered":"http:\/\/www.ktp-sk.sk\/?p=6042"},"modified":"2020-03-31T13:13:22","modified_gmt":"2020-03-31T11:13:22","slug":"vyzva-skj","status":"publish","type":"post","link":"https:\/\/ktp-sk.sk\/old\/vyzva-skj\/","title":{"rendered":"V\u00fdzva SKJ"},"content":{"rendered":"<p>V\u00e1\u017een\u00ed chovatelia!<\/p>\n<p>N\u00e1\u0161 \u017eivot sa v&nbsp;ostatn\u00fdch t\u00fd\u017ed\u0148och neo\u010dak\u00e1vane zmenil a&nbsp;stret\u00e1vame sa s&nbsp;probl\u00e9mom, s&nbsp;ktor\u00fdm sa ani najstar\u0161\u00ed na\u0161i obyvatelia e\u0161te nestretli.<span class=\"Apple-converted-space\">&nbsp;&nbsp;<\/span>Vl\u00e1da prij\u00edma ka\u017ed\u00fd de\u0148 opatrenia, ktor\u00e9 menia n\u00e1\u0161 zabehnut\u00fd rytmus \u017eivota. Mimoriadne opatrenia v\u00fdrazne obmedzuj\u00fa na\u0161e cestovanie, pohyb, styk s&nbsp;ostatn\u00fdmi \u013eu\u010fmi.&nbsp;<span class=\"Apple-converted-space\">&nbsp;<\/span><\/p>\n<p>V&nbsp;tomto v\u00e1\u017enom \u010dase v\u0161ak nesta\u010dia iba opatrenia vl\u00e1dy.<span class=\"Apple-converted-space\">&nbsp;&nbsp;<\/span>Pand\u00e9mia COVID \u2013 19<span class=\"Apple-converted-space\">&nbsp;&nbsp;<\/span>vy\u017eaduje zodpovedn\u00fd pr\u00edstup n\u00e1s v\u0161etk\u00fdch a&nbsp;na\u0161im spr\u00e1van\u00edm by sme nemali ohrozova\u0165 seba, na\u0161ich bl\u00edzkych ale ani ostatn\u00fdch spoluob\u010danov.<span class=\"Apple-converted-space\">&nbsp;<\/span><\/p>\n<p>S\u00fa\u010dasn\u00e1 situ\u00e1cia s\u00favisiaca s&nbsp;pand\u00e9miou koronav\u00edrusu COVID \u2013 19 v\u0161ak<span class=\"Apple-converted-space\">&nbsp;&nbsp;<\/span>v\u00fdrazne ovplyv\u0148uje nielen n\u00e1\u0161 ka\u017edodenn\u00fd \u017eivot ale aj na\u0161e aktivity t\u00fdkaj\u00face sa n\u00e1\u0161ho kon\u00ed\u010dka<span class=\"Apple-converted-space\">&nbsp;&nbsp;<\/span>\u2013 kynol\u00f3gie. Nariadenia vl\u00e1dy sa dotkli aj na\u0161ich akci\u00ed.<span class=\"Apple-converted-space\">&nbsp;&nbsp;<\/span>Ru\u0161ia sa v\u0161etky kynologick\u00e9 akcie&nbsp;\u010di u\u017e na medzin\u00e1rodnej, n\u00e1rodnej ale i&nbsp;klubovej \u00farovni.<span class=\"Apple-converted-space\">&nbsp;<\/span><\/p>\n<p>Prez\u00eddium Slovenskej kynologickej jednoty sa zaoberalo touto zlo\u017eitou situ\u00e1ciou a&nbsp;vyz\u00fdva v\u0161etk\u00fdch majite\u013eov psov, chovate\u013eov aby pri v\u0161etk\u00fdch t\u00fdchto zmen\u00e1ch n\u00e1\u0161ho \u017eivota nezab\u00fadali na svojich zverencov. Mali by sme pri v\u0161etk\u00fdch na\u0161ich pl\u00e1noch bra\u0165 do \u00favahy aj probl\u00e9my, ktor\u00e9 m\u00f4\u017ee t\u00e1to situ\u00e1cia sp\u00f4sobi\u0165 n\u00e1m, na\u0161im \u0161tvornoh\u00fdm priate\u013eom, ale aj na\u0161im \u010fal\u0161\u00edm chovate\u013esk\u00fdm z\u00e1merom.<span class=\"Apple-converted-space\">&nbsp;<\/span><\/p>\n<p>Vyz\u00fdvame v\u0161etk\u00fdch chovate\u013eov, aby pri pl\u00e1novan\u00ed odchovov brali do \u00favahy v\u00e1\u017enos\u0165 s\u00fa\u010dasnej situ\u00e1cie. S\u00fa\u010dasn\u00e9 obmedzenia dopravy a&nbsp;pohybu v\u00fdrazne obmedzuj\u00fa mo\u017enosti predaja a&nbsp;distrib\u00facie \u0161teniat ale i&nbsp;dospel\u00fdch psov. Nevieme dokedy tieto opatrenia s\u00favisiace so zabr\u00e1nen\u00edm \u0161\u00edrenia COVID \u2013 19 bud\u00fa trva\u0165. Nevieme e\u0161te, ak\u00e9 ve\u013ek\u00e9 bud\u00fa ekonomick\u00e9 dopady s\u00fa\u010dasnej situ\u00e1cie. Berte pros\u00edm oh\u013ead na t\u00fato situ\u00e1ciu pri pl\u00e1novan\u00ed Va\u0161ich chovate\u013esk\u00fdch z\u00e1merov.<span class=\"Apple-converted-space\">&nbsp;&nbsp;<\/span>Vyvarujte sa probl\u00e9mov s\u00favisiacich s&nbsp;umiest\u0148ovan\u00edm \u0161teniat u&nbsp;nov\u00fdch majite\u013eov a&nbsp;probl\u00e9mov s&nbsp;neumiestnen\u00fdmi \u0161te\u0148atami.&nbsp;<span class=\"Apple-converted-space\">&nbsp;<\/span><\/p>\n<p>Prez\u00eddium SKJ praje v\u0161etk\u00fdm na\u0161im \u010dlenom ve\u013ea zdravia a&nbsp;ve\u013ea optimizmu v&nbsp;tejto ne\u013eahkej situ\u00e1cii. \u017del\u00e1me V\u00e1m, aby ste v\u0161etky \u0165a\u017ekosti prekonali v&nbsp;plnom zdrav\u00ed a pohode spolu s&nbsp;Va\u0161imi \u0161tvornoh\u00fdmi priate\u013emi.<span class=\"Apple-converted-space\">&nbsp;<\/span><\/p>\n<p>Prez\u00eddium SKJ<\/p>\n","protected":false},"excerpt":{"rendered":"<p>V\u00e1\u017een\u00ed chovatelia! N\u00e1\u0161 \u017eivot sa v&nbsp;ostatn\u00fdch t\u00fd\u017ed\u0148och neo\u010dak\u00e1vane zmenil a&nbsp;stret\u00e1vame sa s&nbsp;probl\u00e9mom, s&nbsp;ktor\u00fdm sa ani najstar\u0161\u00ed na\u0161i obyvatelia e\u0161te nestretli.&nbsp;&nbsp;Vl\u00e1da prij\u00edma ka\u017ed\u00fd de\u0148 opatrenia, ktor\u00e9 [&hellip;]<\/p>\n","protected":false},"author":8,"featured_media":0,"comment_status":"closed","ping_status":"closed","sticky":false,"template":"","format":"standard","meta":{"ngg_post_thumbnail":0},"categories":[3],"tags":[],"_links":{"self":[{"href":"https:\/\/ktp-sk.sk\/old\/wp-json\/wp\/v2\/posts\/6042"}],"collection":[{"href":"https:\/\/ktp-sk.sk\/old\/wp-json\/wp\/v2\/posts"}],"about":[{"href":"https:\/\/ktp-sk.sk\/old\/wp-json\/wp\/v2\/types\/post"}],"author":[{"embeddable":true,"href":"https:\/\/ktp-sk.sk\/old\/wp-json\/wp\/v2\/users\/8"}],"replies":[{"embeddable":true,"href":"https:\/\/ktp-sk.sk\/old\/wp-json\/wp\/v2\/comments?post=6042"}],"version-history":[{"count":0,"href":"https:\/\/ktp-sk.sk\/old\/wp-json\/wp\/v2\/posts\/6042\/revisions"}],"wp:attachment":[{"href":"https:\/\/ktp-sk.sk\/old\/wp-json\/wp\/v2\/media?parent=6042"}],"wp:term":[{"taxonomy":"category","embeddable":true,"href":"https:\/\/ktp-sk.sk\/old\/wp-json\/wp\/v2\/categories?post=6042"},{"taxonomy":"post_tag","embeddable":true,"href":"https:\/\/ktp-sk.sk\/old\/wp-json\/wp\/v2\/tags?post=6042"}],"curies":[{"name":"wp","href":"https:\/\/api.w.org\/{rel}","templated":true}]}}